{"id":3649,"date":"2026-04-28T18:45:03","date_gmt":"2026-04-28T18:45:03","guid":{"rendered":"https:\/\/play-live.eu\/?p=3649"},"modified":"2026-04-28T18:45:03","modified_gmt":"2026-04-28T18:45:03","slug":"brazil-real-madrid-star-eder-militao-to-miss-world-cup-due-to-thigh-surgery","status":"publish","type":"post","link":"https:\/\/play-live.eu\/?p=3649","title":{"rendered":"Brazil, Real Madrid Star Eder Milit\u00e3o To Miss World Cup Due To Thigh Surgery"},"content":{"rendered":"<p class=\"subnav-title ff-ffc bold fs-23 lh-25 uc pd-b-10\">\n            POPULAR SEARCHES\n          <\/p>\n<p class=\"subnav-title ff-ffc bold fs-23 lh-25 uc pd-b-10\">\n            BROWSE BY\n          <\/p>\n<p class=\"ital ff-h fs-16 lh-1pt6\"><img decoding=\"async\" height=\"20px\" src=\"https:\/\/b.fssta.com\/uploads\/application\/external-logos\/goal-dot-com-logo_black.svg\"><\/p>\n<p class=\"ff-h fs-16 lh-1pt6 mg-b-15 article-content\" data-v-ace7f8b6>Eder Milit\u00e3o&#8217;s 2026 World Cup dream is over following the confirmation of a devastating thigh injury that required immediate surgery.\u00a0<\/p>\n<p class=\"ff-h fs-16 lh-1pt6 mg-b-15 article-content\" data-v-ace7f8b6>The Real Madrid defender reportedly received the heartbreaking diagnosis after consulting with a specialist in Finland, bringing a premature end to his season and his hopes of representing Brazil this summer.<\/p>\n<p class=\"ff-h fs-16 lh-1pt6 mg-b-15 article-content\" data-v-ace7f8b6>The worst-case scenario has been confirmed for Milit\u00e3o after the defender traveled to Turku, Finland, to seek a definitive specialist opinion on his condition.\u00a0<\/p>\n<p class=\"ff-h fs-16 lh-1pt6 mg-b-15 article-content\" data-v-ace7f8b6>According to reporting from <i>Globo<\/i>, the consultation revealed a severe injury to his left thigh that carries a high risk of a complete tendon rupture.\u00a0<\/p>\n<p class=\"ff-h fs-16 lh-1pt6 mg-b-15 article-content\" data-v-ace7f8b6>Left with no other viable option to save his long-term career, the Brazil international has accepted the recommendation for surgery, which took place this Tuesday.<\/p>\n<p class=\"ff-h fs-16 lh-1pt6 mg-b-15 article-content\" data-v-ace7f8b6>This medical intervention means the 28-year-old is facing an extensive period on the sidelines, with his return to action not expected until October at the earliest.\u00a0<\/p>\n<p class=\"ff-h fs-16 lh-1pt6 mg-b-15 article-content\" data-v-ace7f8b6>It is a crushing blow for both club and country, as the recovery timeline completely encompasses the upcoming 2026 World Cup.\u00a0<\/p>\n<p class=\"ff-h fs-16 lh-1pt6 mg-b-15 article-content\" data-v-ace7f8b6>Militao, who featured for the Sele\u00e7\u00e3o in the 2022 tournament in Qatar, must now wait until 2030 for another chance at global glory.<\/p>\n<p class=\"ff-h fs-16 lh-1pt6 mg-b-15 article-content\" data-v-ace7f8b6>The loss of Milit\u00e3o is a catastrophic development for Real Madrid boss Alvaro Arbeloa, who is already grappling with a mounting injury list during the business end of the season.\u00a0<\/p>\n<p class=\"ff-h fs-16 lh-1pt6 mg-b-15 article-content\" data-v-ace7f8b6>Los Blancos will have to navigate the rest of the campaign without mercurial attacker Rodrygo &#8211; who will also miss Brazil&#8217;s trip to North America this summer &#8211; and creative midfielder Arda Guler.\u00a0<\/p>\n<p class=\"ff-h fs-16 lh-1pt6 mg-b-15 article-content\" data-v-ace7f8b6>Compounding these absences, the team has been without first-choice goalkeeper Thibaut Courtois since mid-March.\u00a0<\/p>\n<p class=\"ff-h fs-16 lh-1pt6 mg-b-15 article-content\" data-v-ace7f8b6>With the race for the La Liga title slipping away, losing a defensive pillar of Milit\u00e3o&#8217;s caliber leaves the Madrid backline looking incredibly vulnerable.<\/p>\n<p class=\"ff-h fs-16 lh-1pt6 mg-b-15 article-content\" data-v-ace7f8b6>Madrid released an official statement confirming that Milit\u00e3o&#8217;s operation was a success.\u00a0<\/p>\n<p class=\"ff-h fs-16 lh-1pt6 mg-b-15 article-content\" data-v-ace7f8b6>&#8220;Our player Eder Milit\u00e3o has successfully undergone surgery today for the rupture of the proximal tendon of the biceps femoris in his left leg. The operation was performed by Dr. Lasse Lempainen under the supervision of Real Madrid&#8217;s Medical Services. Milit\u00e3o will begin his recovery work in the coming days,&#8221; the statement read.<\/p>\n<p class=\"ff-h fs-16 lh-1pt6 mg-b-15 article-content\" data-v-ace7f8b6>For the player himself, this latest setback represents a continuation of an agonizing cycle of physical problems.\u00a0<\/p>\n<p class=\"ff-h fs-16 lh-1pt6 mg-b-15 article-content\" data-v-ace7f8b6>Since the conclusion of the last World Cup, Milit\u00e3o has endured nine separate injuries and three surgeries.\u00a0<\/p>\n<p class=\"ff-h fs-16 lh-1pt6 mg-b-15 article-content\" data-v-ace7f8b6>His career has been heavily disrupted by these recurring issues, leading to over 600 days of inactivity in recent years.<\/p>\n<p class=\"ff-h fs-16 lh-1pt6 mg-b-15 article-content\" data-v-ace7f8b6>The current injury was sustained during Real Madrid&#8217;s victory over Alaves at the Bernabeu.\u00a0<\/p>\n<p class=\"ff-h fs-16 lh-1pt6 mg-b-15 article-content\" data-v-ace7f8b6>Despite initially being substituted at halftime as a suspected precaution, the diagnosis worsened rapidly.\u00a0<\/p>\n<p class=\"ff-h fs-16 lh-1pt6 mg-b-15 article-content\" data-v-ace7f8b6>The defender had remained hopeful, even undergoing a second MRI in Madrid on Monday before flying to Finland, but the specialist&#8217;s verdict was final.\u00a0<\/p>\n<p class=\"ff-h fs-16 lh-1pt6 mg-b-15 article-content\" data-v-ace7f8b6>He must now focus on a grueling rehabilitation process that will keep him away from the pitch for the next five months.<\/p>\n<p class=\"ff-h fs-16 lh-1pt6 mg-b-15 article-content\" data-v-ace7f8b6>Brazil boss Carlo Ancelotti now faces the unenviable task of reshaping his defense just weeks before the World Cup kicks off.\u00a0<\/p>\n<p class=\"ff-h fs-16 lh-1pt6 mg-b-15 article-content\" data-v-ace7f8b6>Milit\u00e3o was expected to be a guaranteed starter for the Sele\u00e7\u00e3o, providing the pace and physicality required for a deep run in the tournament.\u00a0<\/p>\n<p class=\"ff-h fs-16 lh-1pt6 mg-b-15 article-content\" data-v-ace7f8b6>His absence creates a massive void in the heart of the defense that will be difficult to fill given his experience at the highest level.<\/p>\n","protected":false},"excerpt":{"rendered":"<p>POPULAR SEARCHES BROWSE BY Eder Milit\u00e3o&#8217;s 2026 World Cup dream is over following the confirmation of a devastating thigh injury that required immediate surgery.\u00a0 The Real Madrid defender reportedly received the heartbreaking diagnosis after consulting with a specialist in Finland, bringing a premature end to his season and his hopes of representing Brazil this summer. [&hellip;]<\/p>\n","protected":false},"author":0,"featured_media":3648,"comment_status":"","ping_status":"","sticky":false,"template":"","format":"standard","meta":{"footnotes":""},"categories":[29],"tags":[],"class_list":["post-3649","post","type-post","status-publish","format-standard","has-post-thumbnail","hentry","category-soccer"],"_links":{"self":[{"href":"https:\/\/play-live.eu\/index.php?rest_route=\/wp\/v2\/posts\/3649","targetHints":{"allow":["GET"]}}],"collection":[{"href":"https:\/\/play-live.eu\/index.php?rest_route=\/wp\/v2\/posts"}],"about":[{"href":"https:\/\/play-live.eu\/index.php?rest_route=\/wp\/v2\/types\/post"}],"replies":[{"embeddable":true,"href":"https:\/\/play-live.eu\/index.php?rest_route=%2Fwp%2Fv2%2Fcomments&post=3649"}],"version-history":[{"count":0,"href":"https:\/\/play-live.eu\/index.php?rest_route=\/wp\/v2\/posts\/3649\/revisions"}],"wp:featuredmedia":[{"embeddable":true,"href":"https:\/\/play-live.eu\/index.php?rest_route=\/wp\/v2\/media\/3648"}],"wp:attachment":[{"href":"https:\/\/play-live.eu\/index.php?rest_route=%2Fwp%2Fv2%2Fmedia&parent=3649"}],"wp:term":[{"taxonomy":"category","embeddable":true,"href":"https:\/\/play-live.eu\/index.php?rest_route=%2Fwp%2Fv2%2Fcategories&post=3649"},{"taxonomy":"post_tag","embeddable":true,"href":"https:\/\/play-live.eu\/index.php?rest_route=%2Fwp%2Fv2%2Ftags&post=3649"}],"curies":[{"name":"wp","href":"https:\/\/api.w.org\/{rel}","templated":true}]}}